{"id":3272,"date":"2023-01-20T10:08:30","date_gmt":"2023-01-20T13:08:30","guid":{"rendered":"https:\/\/navarro.gob.ar\/areas\/?p=3272"},"modified":"2024-06-26T13:08:45","modified_gmt":"2024-06-26T16:08:45","slug":"navarro-tendra-un-parque-ambiental-en-la-laguna","status":"publish","type":"post","link":"https:\/\/navarro.gob.ar\/areas\/2023\/01\/20\/navarro-tendra-un-parque-ambiental-en-la-laguna\/","title":{"rendered":"Navarro tendr\u00e1 un Parque Ambiental en la Laguna"},"content":{"rendered":"\n<p><\/p>\n\n\n\n<p>El intendente, Facundo Diz, se reuni\u00f3 con Mat\u00edas Fern\u00e1ndez, coordinador de Asuntos Municipales del ministerio de Ambiente de la provincia de Buenos Aires, para concretar la construcci\u00f3n de un Parque Ambiental que contar\u00e1 con aula natural, punto verde, compostera, huerta comunitaria, invernadero, flora nativa y juegos sustentables.<br>De la reuni\u00f3n particip\u00f3, tambi\u00e9n, el secretario de Ambiente y Desarrollo Sostenible, Miguel Garc\u00eda.<br>Esta es una de las pol\u00edticas llevada adelante por el Ministerio con los municipios como as\u00ed tambi\u00e9n programas de transici\u00f3n ecol\u00f3gica y eficiencia energ\u00e9tica.<br>Desde la gesti\u00f3n comunal, en articulaci\u00f3n con los gobiernos provinciales y municipales, se sigue trabajando para un Navarro m\u00e1s sustentable.<\/p>\n\n\n\n<div style=\"height:21px\" aria-hidden=\"true\" class=\"wp-block-spacer\"><\/div>\n\n\n\n<p><\/p>\n\n\n\n<figure class=\"wp-block-gallery has-nested-images columns-default is-cropped wp-block-gallery-1 is-layout-flex wp-block-gallery-is-layout-flex\">\n<figure class=\"wp-block-image size-large\"><img fetchpriority=\"high\" decoding=\"async\" width=\"768\" height=\"1024\" data-id=\"3273\" src=\"https:\/\/navarro.gob.ar\/areas\/wp-content\/uploads\/2023\/01\/Imagen-de-WhatsApp-2023-01-20-a-las-10.07.14-768x1024.jpg\" alt=\"\" class=\"wp-image-3273\" srcset=\"https:\/\/navarro.gob.ar\/areas\/wp-content\/uploads\/2023\/01\/Imagen-de-WhatsApp-2023-01-20-a-las-10.07.14-768x1024.jpg 768w, https:\/\/navarro.gob.ar\/areas\/wp-content\/uploads\/2023\/01\/Imagen-de-WhatsApp-2023-01-20-a-las-10.07.14-600x800.jpg 600w, https:\/\/navarro.gob.ar\/areas\/wp-content\/uploads\/2023\/01\/Imagen-de-WhatsApp-2023-01-20-a-las-10.07.14-225x300.jpg 225w, https:\/\/navarro.gob.ar\/areas\/wp-content\/uploads\/2023\/01\/Imagen-de-WhatsApp-2023-01-20-a-las-10.07.14-1152x1536.jpg 1152w, https:\/\/navarro.gob.ar\/areas\/wp-content\/uploads\/2023\/01\/Imagen-de-WhatsApp-2023-01-20-a-las-10.07.14.jpg 1200w\" sizes=\"(max-width: 768px) 100vw, 768px\" \/><\/figure>\n\n\n\n<figure class=\"wp-block-image size-large\"><img decoding=\"async\" width=\"768\" height=\"1024\" data-id=\"3274\" src=\"https:\/\/navarro.gob.ar\/areas\/wp-content\/uploads\/2023\/01\/DFS-768x1024.jpg\" alt=\"\" class=\"wp-image-3274\" srcset=\"https:\/\/navarro.gob.ar\/areas\/wp-content\/uploads\/2023\/01\/DFS-768x1024.jpg 768w, https:\/\/navarro.gob.ar\/areas\/wp-content\/uploads\/2023\/01\/DFS-600x800.jpg 600w, https:\/\/navarro.gob.ar\/areas\/wp-content\/uploads\/2023\/01\/DFS-225x300.jpg 225w, https:\/\/navarro.gob.ar\/areas\/wp-content\/uploads\/2023\/01\/DFS-1152x1536.jpg 1152w, https:\/\/navarro.gob.ar\/areas\/wp-content\/uploads\/2023\/01\/DFS.jpg 1200w\" sizes=\"(max-width: 768px) 100vw, 768px\" \/><\/figure>\n<\/figure>\n\n\n\n<div style=\"height:100px\" aria-hidden=\"true\" class=\"wp-block-spacer\"><\/div>\n\n\n\n<ul class=\"wp-block-social-links is-layout-flex wp-block-social-links-is-layout-flex\"><li class=\"wp-social-link wp-social-link-instagram  wp-block-social-link\"><a href=\"https:\/\/www.instagram.com\/ambiente.desarrollosostenible\" class=\"wp-block-social-link-anchor\"><svg width=\"24\" height=\"24\" viewBox=\"0 0 24 24\" version=\"1.1\" xmlns=\"http:\/\/www.w3.org\/2000\/svg\" aria-hidden=\"true\" focusable=\"false\"><path d=\"M12,4.622c2.403,0,2.688,0.009,3.637,0.052c0.877,0.04,1.354,0.187,1.671,0.31c0.42,0.163,0.72,0.358,1.035,0.673 c0.315,0.315,0.51,0.615,0.673,1.035c0.123,0.317,0.27,0.794,0.31,1.671c0.043,0.949,0.052,1.234,0.052,3.637 s-0.009,2.688-0.052,3.637c-0.04,0.877-0.187,1.354-0.31,1.671c-0.163,0.42-0.358,0.72-0.673,1.035 c-0.315,0.315-0.615,0.51-1.035,0.673c-0.317,0.123-0.794,0.27-1.671,0.31c-0.949,0.043-1.233,0.052-3.637,0.052 s-2.688-0.009-3.637-0.052c-0.877-0.04-1.354-0.187-1.671-0.31c-0.42-0.163-0.72-0.358-1.035-0.673 c-0.315-0.315-0.51-0.615-0.673-1.035c-0.123-0.317-0.27-0.794-0.31-1.671C4.631,14.688,4.622,14.403,4.622,12 s0.009-2.688,0.052-3.637c0.04-0.877,0.187-1.354,0.31-1.671c0.163-0.42,0.358-0.72,0.673-1.035 c0.315-0.315,0.615-0.51,1.035-0.673c0.317-0.123,0.794-0.27,1.671-0.31C9.312,4.631,9.597,4.622,12,4.622 M12,3 C9.556,3,9.249,3.01,8.289,3.054C7.331,3.098,6.677,3.25,6.105,3.472C5.513,3.702,5.011,4.01,4.511,4.511 c-0.5,0.5-0.808,1.002-1.038,1.594C3.25,6.677,3.098,7.331,3.054,8.289C3.01,9.249,3,9.556,3,12c0,2.444,0.01,2.751,0.054,3.711 c0.044,0.958,0.196,1.612,0.418,2.185c0.23,0.592,0.538,1.094,1.038,1.594c0.5,0.5,1.002,0.808,1.594,1.038 c0.572,0.222,1.227,0.375,2.185,0.418C9.249,20.99,9.556,21,12,21s2.751-0.01,3.711-0.054c0.958-0.044,1.612-0.196,2.185-0.418 c0.592-0.23,1.094-0.538,1.594-1.038c0.5-0.5,0.808-1.002,1.038-1.594c0.222-0.572,0.375-1.227,0.418-2.185 C20.99,14.751,21,14.444,21,12s-0.01-2.751-0.054-3.711c-0.044-0.958-0.196-1.612-0.418-2.185c-0.23-0.592-0.538-1.094-1.038-1.594 c-0.5-0.5-1.002-0.808-1.594-1.038c-0.572-0.222-1.227-0.375-2.185-0.418C14.751,3.01,14.444,3,12,3L12,3z M12,7.378 c-2.552,0-4.622,2.069-4.622,4.622S9.448,16.622,12,16.622s4.622-2.069,4.622-4.622S14.552,7.378,12,7.378z M12,15 c-1.657,0-3-1.343-3-3s1.343-3,3-3s3,1.343,3,3S13.657,15,12,15z M16.804,6.116c-0.596,0-1.08,0.484-1.08,1.08 s0.484,1.08,1.08,1.08c0.596,0,1.08-0.484,1.08-1.08S17.401,6.116,16.804,6.116z\"><\/path><\/svg><span class=\"wp-block-social-link-label screen-reader-text\">Instagram<\/span><\/a><\/li><\/ul>\n","protected":false},"excerpt":{"rendered":"<p>El intendente, Facundo Diz, se reuni\u00f3 con Mat\u00edas Fern\u00e1ndez, coordinador de Asuntos Municipales del ministerio de Ambiente de la provincia de Buenos Aires, para concretar la construcci\u00f3n de un Parque Ambiental que contar\u00e1 con aula natural, punto verde, compostera, huerta comunitaria, invernadero, flora nativa y juegos sustentables.De la reuni\u00f3n particip\u00f3, tambi\u00e9n, el secretario de Ambiente [&hellip;]<\/p>\n","protected":false},"author":3,"featured_media":3279,"comment_status":"closed","ping_status":"closed","sticky":false,"template":"","format":"standard","meta":{"footnotes":""},"categories":[53],"tags":[6],"class_list":["post-3272","post","type-post","status-publish","format-standard","has-post-thumbnail","hentry","category-noticias","tag-ambiente"],"_links":{"self":[{"href":"https:\/\/navarro.gob.ar\/areas\/wp-json\/wp\/v2\/posts\/3272","targetHints":{"allow":["GET"]}}],"collection":[{"href":"https:\/\/navarro.gob.ar\/areas\/wp-json\/wp\/v2\/posts"}],"about":[{"href":"https:\/\/navarro.gob.ar\/areas\/wp-json\/wp\/v2\/types\/post"}],"author":[{"embeddable":true,"href":"https:\/\/navarro.gob.ar\/areas\/wp-json\/wp\/v2\/users\/3"}],"replies":[{"embeddable":true,"href":"https:\/\/navarro.gob.ar\/areas\/wp-json\/wp\/v2\/comments?post=3272"}],"version-history":[{"count":1,"href":"https:\/\/navarro.gob.ar\/areas\/wp-json\/wp\/v2\/posts\/3272\/revisions"}],"predecessor-version":[{"id":3278,"href":"https:\/\/navarro.gob.ar\/areas\/wp-json\/wp\/v2\/posts\/3272\/revisions\/3278"}],"wp:featuredmedia":[{"embeddable":true,"href":"https:\/\/navarro.gob.ar\/areas\/wp-json\/wp\/v2\/media\/3279"}],"wp:attachment":[{"href":"https:\/\/navarro.gob.ar\/areas\/wp-json\/wp\/v2\/media?parent=3272"}],"wp:term":[{"taxonomy":"category","embeddable":true,"href":"https:\/\/navarro.gob.ar\/areas\/wp-json\/wp\/v2\/categories?post=3272"},{"taxonomy":"post_tag","embeddable":true,"href":"https:\/\/navarro.gob.ar\/areas\/wp-json\/wp\/v2\/tags?post=3272"}],"curies":[{"name":"wp","href":"https:\/\/api.w.org\/{rel}","templated":true}]}}